{"id":18768,"date":"2025-11-10T10:12:34","date_gmt":"2025-11-10T09:12:34","guid":{"rendered":"https:\/\/dzwatch.dz\/?p=18768"},"modified":"2025-11-10T10:12:38","modified_gmt":"2025-11-10T09:12:38","slug":"eu-and-latin-american-leaders-forge-closer-ties-at-summit","status":"publish","type":"post","link":"https:\/\/dzwatch.dz\/?p=18768","title":{"rendered":"EU and Latin American Leaders Forge Closer Ties at Summit"},"content":{"rendered":"<p><strong>Santa Marta, Colombia<\/strong> \u2013 Leaders and representatives from Latin American, Caribbean, and European Union nations convened in Santa Marta, Colombia, this week for a summit focused on strengthening cooperation between the two continents. The summit, which concluded yesterday under the leadership of Colombian President Gustavo Petro, brought together delegates from 33 countries.<\/p>\n<p>A final statement released at the summit emphasized a shared commitment to bolstering relationships in the face of global challenges. The declaration underscored a rejection of the use of force and interference in internal affairs, while reaffirming the importance of peaceful resolutions to conflicts.<\/p>\n<p>Reports indicate that a key outcome of the summit is the formation of a new security alliance. This alliance aims to enhance collaboration in combating drug trafficking, organized crime, and corruption. The initiative seeks to coordinate efforts between police, judicial, and customs authorities. Proposed plans include developing joint investigation methodologies, strengthening controls on financial flows, and establishing mechanisms for the repatriation of illicit assets across borders.<\/p>\n<p>Furthermore, discussions at the summit centered on expanding cooperation in law enforcement, intelligence sharing, and combating human trafficking networks, as well as addressing environmental issues.<\/p>\n<p>Speaking at the summit, the High Representative of the European Union for Foreign Affairs and Security Policy, Kaya Kalas, asserted that joint efforts will enhance the protection of citizens on both sides of the Atlantic. Kalas also highlighted the expansion of the EU&#8217;s maritime protection program, which will provide greater capacity for information sharing and addressing maritime crime.<\/p>\n<p>Notable attendees at the summit included Brazilian President Luiz In\u00e1cio Lula da Silva, European Council President Ant\u00f3nio Costa, and Spanish Prime Minister Pedro S\u00e1nchez. However, several heads of state and government were absent, including European Commission President Ursula von der Leyen, and leaders from Germany, France, Mexico, Argentina, and Chile. Media speculation suggests that these absences were driven by a desire to avoid controversy surrounding recent US military operations in the region.<\/p>\n<p><a href=\"https:\/\/dzwatch.dz\/?cat=183\">More Science articles on DZWatch<\/a><\/p>\n<p><a href=\"https:\/\/dzwatch.dz\">DZWatch &#8211; Your News Portal<\/a><\/p>\n","protected":false},"excerpt":{"rendered":"<p>Santa Marta, Colombia \u2013 Leaders and representatives from Latin American, Caribbean, and European Union nations convened in Santa Marta, Colombia, this week for a summit focused on strengthening cooperation between the two continents. The summit, which concluded yesterday under th&#8230;<\/p>\n","protected":false},"author":1,"featured_media":18769,"comment_status":"open","ping_status":"open","sticky":false,"template":"","format":"standard","meta":{"_acf_changed":false,"rank_math_lock_modified_date":false,"cybocfi_hide_featured_image":"","iawp_total_views":2,"footnotes":""},"categories":[183],"tags":[],"class_list":["post-18768","post","type-post","status-publish","format-standard","has-post-thumbnail","hentry","category-science-2"],"acf":[],"_links":{"self":[{"href":"https:\/\/dzwatch.dz\/index.php?rest_route=\/wp\/v2\/posts\/18768","targetHints":{"allow":["GET"]}}],"collection":[{"href":"https:\/\/dzwatch.dz\/index.php?rest_route=\/wp\/v2\/posts"}],"about":[{"href":"https:\/\/dzwatch.dz\/index.php?rest_route=\/wp\/v2\/types\/post"}],"author":[{"embeddable":true,"href":"https:\/\/dzwatch.dz\/index.php?rest_route=\/wp\/v2\/users\/1"}],"replies":[{"embeddable":true,"href":"https:\/\/dzwatch.dz\/index.php?rest_route=%2Fwp%2Fv2%2Fcomments&post=18768"}],"version-history":[{"count":1,"href":"https:\/\/dzwatch.dz\/index.php?rest_route=\/wp\/v2\/posts\/18768\/revisions"}],"predecessor-version":[{"id":18770,"href":"https:\/\/dzwatch.dz\/index.php?rest_route=\/wp\/v2\/posts\/18768\/revisions\/18770"}],"wp:featuredmedia":[{"embeddable":true,"href":"https:\/\/dzwatch.dz\/index.php?rest_route=\/wp\/v2\/media\/18769"}],"wp:attachment":[{"href":"https:\/\/dzwatch.dz\/index.php?rest_route=%2Fwp%2Fv2%2Fmedia&parent=18768"}],"wp:term":[{"taxonomy":"category","embeddable":true,"href":"https:\/\/dzwatch.dz\/index.php?rest_route=%2Fwp%2Fv2%2Fcategories&post=18768"},{"taxonomy":"post_tag","embeddable":true,"href":"https:\/\/dzwatch.dz\/index.php?rest_route=%2Fwp%2Fv2%2Ftags&post=18768"}],"curies":[{"name":"wp","href":"https:\/\/api.w.org\/{rel}","templated":true}]}}